{"id":9,"date":"2014-04-28T17:19:02","date_gmt":"2014-04-28T17:19:02","guid":{"rendered":"http:\/\/dvd-palinovec.hr\/?p=9"},"modified":"2014-04-29T14:25:49","modified_gmt":"2014-04-29T14:25:49","slug":"obiljezavanje-dana-sv-florijana-zastitnika-vatrogasaca","status":"publish","type":"post","link":"http:\/\/dvd-palinovec.hr\/?p=9","title":{"rendered":"Obilje\u017eavanje dana sv. Florijana &#8211; za\u0161titnika vatrogasaca"},"content":{"rendered":"<p><img loading=\"lazy\" decoding=\"async\" class=\"alignright size-medium wp-image-10\" src=\"http:\/\/dvd-palinovec.hr\/wp\/wp-content\/uploads\/2014\/04\/Kapelica-Palinovec-203x300.jpg\" alt=\"Kapelica-Palinovec\" width=\"203\" height=\"300\" srcset=\"http:\/\/dvd-palinovec.hr\/wp\/wp-content\/uploads\/2014\/04\/Kapelica-Palinovec-203x300.jpg 203w, http:\/\/dvd-palinovec.hr\/wp\/wp-content\/uploads\/2014\/04\/Kapelica-Palinovec.jpg 563w\" sizes=\"(max-width: 203px) 100vw, 203px\" \/><span class=\"fsl\">Pozivaju se svi \u010dlanovi DVD-a Palinovec na proslavu dana Svetog Florijana, za\u0161titnika vatrogasaca, u PONEDJELJAK, 5.5.2014.godine u 18:40 ispred vatrogasnog doma&#8230;<\/p>\n<p>Plan je da se okupimo u 18:40 ispred vatrogasnog doma te zatim povorkom idemo na svetu misu koja po\u010dinje u 19 sati u kapeli Presvetog Trojstva u Palinovcu<span class=\"text_exposed_show\">&#8230;<\/p>\n<p>Nakon svete mise slijedi domjenak i dru\u017eenje za sve \u010dlanove DVD-a Palinovec..<\/p>\n<p>Mole se svi \u010dlanovi DVD-a Palinovec da se odazovu te da imaju odjeveno ne\u0161to od obilje\u017eja DVD Palinovec (sve\u0107ano odijelo, radno odijelo, trenirka ili majca te kapa, ovisi tko \u0161to ima)<\/span><\/span><\/p>\n<a class=\"synved-social-button synved-social-button-share synved-social-size-48 synved-social-resolution-single synved-social-provider-facebook nolightbox\" data-provider=\"facebook\" target=\"_blank\" rel=\"nofollow\" title=\"Share on Facebook\" href=\"https:\/\/www.facebook.com\/sharer.php?u=http%3A%2F%2Fdvd-palinovec.hr%2Findex.php%3Frest_route%3D%252Fwp%252Fv2%252Fposts%252F9&#038;t=Obilje%C5%BEavanje%20dana%20sv.%20Florijana%20%E2%80%93%20za%C5%A1titnika%20vatrogasaca&#038;s=100&#038;p&#091;url&#093;=http%3A%2F%2Fdvd-palinovec.hr%2Findex.php%3Frest_route%3D%252Fwp%252Fv2%252Fposts%252F9&#038;p&#091;images&#093;&#091;0&#093;=http%3A%2F%2Fdvd-palinovec.hr%2Fwp%2Fwp-content%2Fuploads%2F2014%2F04%2FKapelica-Palinovec-203x300.jpg&#038;p&#091;title&#093;=Obilje%C5%BEavanje%20dana%20sv.%20Florijana%20%E2%80%93%20za%C5%A1titnika%20vatrogasaca\" style=\"font-size: 0px;width:48px;height:48px;margin:0;margin-bottom:5px;margin-right:5px\"><img loading=\"lazy\" decoding=\"async\" alt=\"Facebook\" title=\"Share on Facebook\" class=\"synved-share-image synved-social-image synved-social-image-share\" width=\"48\" height=\"48\" style=\"display: inline;width:48px;height:48px;margin: 0;padding: 0;border: none;box-shadow: none\" src=\"http:\/\/dvd-palinovec.hr\/wp\/wp-content\/plugins\/social-media-feather\/synved-social\/image\/social\/regular\/96x96\/facebook.png\" \/><\/a><a class=\"synved-social-button synved-social-button-share synved-social-size-48 synved-social-resolution-single synved-social-provider-twitter nolightbox\" data-provider=\"twitter\" target=\"_blank\" rel=\"nofollow\" title=\"Share on Twitter\" href=\"https:\/\/twitter.com\/intent\/tweet?url=http%3A%2F%2Fdvd-palinovec.hr%2Findex.php%3Frest_route%3D%252Fwp%252Fv2%252Fposts%252F9&#038;text=Hey%20check%20this%20out\" style=\"font-size: 0px;width:48px;height:48px;margin:0;margin-bottom:5px;margin-right:5px\"><img loading=\"lazy\" decoding=\"async\" alt=\"twitter\" title=\"Share on Twitter\" class=\"synved-share-image synved-social-image synved-social-image-share\" width=\"48\" height=\"48\" style=\"display: inline;width:48px;height:48px;margin: 0;padding: 0;border: none;box-shadow: none\" src=\"http:\/\/dvd-palinovec.hr\/wp\/wp-content\/plugins\/social-media-feather\/synved-social\/image\/social\/regular\/96x96\/twitter.png\" \/><\/a><a class=\"synved-social-button synved-social-button-share synved-social-size-48 synved-social-resolution-single synved-social-provider-reddit nolightbox\" data-provider=\"reddit\" target=\"_blank\" rel=\"nofollow\" title=\"Share on Reddit\" href=\"https:\/\/www.reddit.com\/submit?url=http%3A%2F%2Fdvd-palinovec.hr%2Findex.php%3Frest_route%3D%252Fwp%252Fv2%252Fposts%252F9&#038;title=Obilje%C5%BEavanje%20dana%20sv.%20Florijana%20%E2%80%93%20za%C5%A1titnika%20vatrogasaca\" style=\"font-size: 0px;width:48px;height:48px;margin:0;margin-bottom:5px;margin-right:5px\"><img loading=\"lazy\" decoding=\"async\" alt=\"reddit\" title=\"Share on Reddit\" class=\"synved-share-image synved-social-image synved-social-image-share\" width=\"48\" height=\"48\" style=\"display: inline;width:48px;height:48px;margin: 0;padding: 0;border: none;box-shadow: none\" src=\"http:\/\/dvd-palinovec.hr\/wp\/wp-content\/plugins\/social-media-feather\/synved-social\/image\/social\/regular\/96x96\/reddit.png\" \/><\/a><a class=\"synved-social-button synved-social-button-share synved-social-size-48 synved-social-resolution-single synved-social-provider-pinterest nolightbox\" data-provider=\"pinterest\" target=\"_blank\" rel=\"nofollow\" title=\"Pin it with Pinterest\" href=\"https:\/\/pinterest.com\/pin\/create\/button\/?url=http%3A%2F%2Fdvd-palinovec.hr%2Findex.php%3Frest_route%3D%252Fwp%252Fv2%252Fposts%252F9&#038;media=http%3A%2F%2Fdvd-palinovec.hr%2Fwp%2Fwp-content%2Fuploads%2F2014%2F04%2FKapelica-Palinovec-203x300.jpg&#038;description=Obilje%C5%BEavanje%20dana%20sv.%20Florijana%20%E2%80%93%20za%C5%A1titnika%20vatrogasaca\" style=\"font-size: 0px;width:48px;height:48px;margin:0;margin-bottom:5px;margin-right:5px\"><img loading=\"lazy\" decoding=\"async\" alt=\"pinterest\" title=\"Pin it with Pinterest\" class=\"synved-share-image synved-social-image synved-social-image-share\" width=\"48\" height=\"48\" style=\"display: inline;width:48px;height:48px;margin: 0;padding: 0;border: none;box-shadow: none\" src=\"http:\/\/dvd-palinovec.hr\/wp\/wp-content\/plugins\/social-media-feather\/synved-social\/image\/social\/regular\/96x96\/pinterest.png\" \/><\/a><a class=\"synved-social-button synved-social-button-share synved-social-size-48 synved-social-resolution-single synved-social-provider-linkedin nolightbox\" data-provider=\"linkedin\" target=\"_blank\" rel=\"nofollow\" title=\"Share on Linkedin\" href=\"https:\/\/www.linkedin.com\/shareArticle?mini=true&#038;url=http%3A%2F%2Fdvd-palinovec.hr%2Findex.php%3Frest_route%3D%252Fwp%252Fv2%252Fposts%252F9&#038;title=Obilje%C5%BEavanje%20dana%20sv.%20Florijana%20%E2%80%93%20za%C5%A1titnika%20vatrogasaca\" style=\"font-size: 0px;width:48px;height:48px;margin:0;margin-bottom:5px;margin-right:5px\"><img loading=\"lazy\" decoding=\"async\" alt=\"linkedin\" title=\"Share on Linkedin\" class=\"synved-share-image synved-social-image synved-social-image-share\" width=\"48\" height=\"48\" style=\"display: inline;width:48px;height:48px;margin: 0;padding: 0;border: none;box-shadow: none\" src=\"http:\/\/dvd-palinovec.hr\/wp\/wp-content\/plugins\/social-media-feather\/synved-social\/image\/social\/regular\/96x96\/linkedin.png\" \/><\/a><a class=\"synved-social-button synved-social-button-share synved-social-size-48 synved-social-resolution-single synved-social-provider-tumblr nolightbox\" data-provider=\"tumblr\" target=\"_blank\" rel=\"nofollow\" title=\"Share on tumblr\" href=\"https:\/\/tumblr.com\/share?s=&#038;v=3&#038;t=Obilje%C5%BEavanje%20dana%20sv.%20Florijana%20%E2%80%93%20za%C5%A1titnika%20vatrogasaca&#038;u=http%3A%2F%2Fdvd-palinovec.hr%2Findex.php%3Frest_route%3D%252Fwp%252Fv2%252Fposts%252F9\" style=\"font-size: 0px;width:48px;height:48px;margin:0;margin-bottom:5px;margin-right:5px\"><img loading=\"lazy\" decoding=\"async\" alt=\"tumblr\" title=\"Share on tumblr\" class=\"synved-share-image synved-social-image synved-social-image-share\" width=\"48\" height=\"48\" style=\"display: inline;width:48px;height:48px;margin: 0;padding: 0;border: none;box-shadow: none\" src=\"http:\/\/dvd-palinovec.hr\/wp\/wp-content\/plugins\/social-media-feather\/synved-social\/image\/social\/regular\/96x96\/tumblr.png\" \/><\/a><a class=\"synved-social-button synved-social-button-share synved-social-size-48 synved-social-resolution-single synved-social-provider-mail nolightbox\" data-provider=\"mail\" rel=\"nofollow\" title=\"Share by email\" href=\"mailto:?subject=Obilje%C5%BEavanje%20dana%20sv.%20Florijana%20%E2%80%93%20za%C5%A1titnika%20vatrogasaca&#038;body=Hey%20check%20this%20out:%20http%3A%2F%2Fdvd-palinovec.hr%2Findex.php%3Frest_route%3D%252Fwp%252Fv2%252Fposts%252F9\" style=\"font-size: 0px;width:48px;height:48px;margin:0;margin-bottom:5px\"><img loading=\"lazy\" decoding=\"async\" alt=\"mail\" title=\"Share by email\" class=\"synved-share-image synved-social-image synved-social-image-share\" width=\"48\" height=\"48\" style=\"display: inline;width:48px;height:48px;margin: 0;padding: 0;border: none;box-shadow: none\" src=\"http:\/\/dvd-palinovec.hr\/wp\/wp-content\/plugins\/social-media-feather\/synved-social\/image\/social\/regular\/96x96\/mail.png\" \/><\/a><a class=\"synved-social-credit\" target=\"_blank\" rel=\"nofollow\" title=\"WordPress Social Media Feather\" href=\"http:\/\/synved.com\/wordpress-social-media-feather\/\" style=\"color:#444;text-decoration:none;font-size:8px;margin-left:5px;vertical-align:10px\"><span>by <\/span><img loading=\"lazy\" decoding=\"async\" style=\"display: inline;margin:0;padding:0;width:16px;height:16px\" width=\"16\" height=\"16\" alt=\"feather\" src=\"http:\/\/dvd-palinovec.hr\/wp\/wp-content\/plugins\/social-media-feather\/synved-social\/image\/icon.png\" \/><\/a>","protected":false},"excerpt":{"rendered":"<p>Pozivaju se svi \u010dlanovi DVD-a Palinovec na proslavu dana Svetog Florijana, za\u0161titnika vatrogasaca, u PONEDJELJAK, 5.5.2014.godine u 18:40 ispred vatrogasnog doma&#8230; Plan je da se okupimo u 18:40 ispred vatrogasnog doma te zatim povorkom idemo na svetu misu koja po\u010dinje u 19 sati u kapeli Presvetog Trojstva u Palinovcu&#8230; Nakon svete mise slijedi domjenak i &hellip; <a href=\"http:\/\/dvd-palinovec.hr\/?p=9\" class=\"more-link\">Nastavi \u010ditati <span class=\"screen-reader-text\">Obilje\u017eavanje dana sv. Florijana &#8211; za\u0161titnika vatrogasaca<\/span> <span class=\"meta-nav\">&rarr;<\/span><\/a><\/p>\n","protected":false},"author":1,"featured_media":0,"comment_status":"closed","ping_status":"open","sticky":false,"template":"","format":"standard","meta":{"footnotes":""},"categories":[1],"tags":[],"_links":{"self":[{"href":"http:\/\/dvd-palinovec.hr\/index.php?rest_route=\/wp\/v2\/posts\/9"}],"collection":[{"href":"http:\/\/dvd-palinovec.hr\/index.php?rest_route=\/wp\/v2\/posts"}],"about":[{"href":"http:\/\/dvd-palinovec.hr\/index.php?rest_route=\/wp\/v2\/types\/post"}],"author":[{"embeddable":true,"href":"http:\/\/dvd-palinovec.hr\/index.php?rest_route=\/wp\/v2\/users\/1"}],"replies":[{"embeddable":true,"href":"http:\/\/dvd-palinovec.hr\/index.php?rest_route=%2Fwp%2Fv2%2Fcomments&post=9"}],"version-history":[{"count":2,"href":"http:\/\/dvd-palinovec.hr\/index.php?rest_route=\/wp\/v2\/posts\/9\/revisions"}],"predecessor-version":[{"id":62,"href":"http:\/\/dvd-palinovec.hr\/index.php?rest_route=\/wp\/v2\/posts\/9\/revisions\/62"}],"wp:attachment":[{"href":"http:\/\/dvd-palinovec.hr\/index.php?rest_route=%2Fwp%2Fv2%2Fmedia&parent=9"}],"wp:term":[{"taxonomy":"category","embeddable":true,"href":"http:\/\/dvd-palinovec.hr\/index.php?rest_route=%2Fwp%2Fv2%2Fcategories&post=9"},{"taxonomy":"post_tag","embeddable":true,"href":"http:\/\/dvd-palinovec.hr\/index.php?rest_route=%2Fwp%2Fv2%2Ftags&post=9"}],"curies":[{"name":"wp","href":"https:\/\/api.w.org\/{rel}","templated":true}]}}